{"id":650,"date":"2016-01-22T12:26:27","date_gmt":"2016-01-22T11:26:27","guid":{"rendered":"http:\/\/www.pereberga.com\/ca\/?p=650"},"modified":"2023-08-02T09:06:50","modified_gmt":"2023-08-02T09:06:50","slug":"toni-gomila-lexit-es-banal-el-fracas-es-ric-i-complexe","status":"publish","type":"post","link":"https:\/\/pereberga.com\/ca\/2016\/01\/22\/toni-gomila-lexit-es-banal-el-fracas-es-ric-i-complexe\/","title":{"rendered":"Toni Gomila: &#8220;L&#8217;\u00e8xit \u00e9s banal, el frac\u00e0s \u00e9s ric i complex&#8221;"},"content":{"rendered":"<p style=\"text-align: justify;\">Vaig tenir el plaer d&#8217;acompanyar l&#8217;amic i actor Toni Gomila en algunes sessions de Coaching. Pel que sembla, en va quedar prou content. Quan vaig arrancar el meu projecte, li vaig demanar que em fes una petita recomanaci\u00f3, &nbsp;que m&#8217;escrigu\u00e9s &nbsp;quatre l\u00ednies on expliqu\u00e9s la seva experi\u00e8ncia amb el Coaching, perqu\u00e8 jo la pogu\u00e9s incloure en el cap\u00edtol de &#8220;Testimonis&#8221;. Ell, gener\u00f3s com \u00e9s, em dedic\u00e0 un post sencer, que he volgut compartir amb vosaltres. Molt\u00edssimes gr\u00e0cies, Toni, de tot cor.<\/p>\n<p style=\"text-align: justify;\">L&#8217;article diu aix\u00ed:<\/p>\n<p style=\"text-align: justify;\"><em>&#8220;L&#8217;\u00e8xit \u00e9s banal, el frac\u00e0s \u00e9s ric i complex&#8221; \u00e9s una m\u00e0xima que m&#8217;havia acompanyat des del 1998 en el proc\u00e9s d&#8217;intentar fer-me un cam\u00ed en el m\u00f3n del teatre. Sobreviure a la vor\u00e0gine d&#8217;un \u00e8xit tan aclaparador com inesperat, l&#8217;any 2011, em deix\u00e0 perdut, conf\u00f3s. La consci\u00e8ncia de que tot el que vendria a continuaci\u00f3 mai podria arribar a les fites assolides, la sensaci\u00f3 de no poder donar passa sense errada, i l&#8217;autoexig\u00e8ncia d&#8217;haver-me de superar a mi mateix, em trasbalsaren. Si abans era prudent ara era covard. Si abans volia descans ara volia aturar. Si abans era mediocre ara era dolent. Si abans era inconscient ara era Pessoa. Si abans volia p\u00fablic que escolt\u00e9s, ara no volia transmetre res m\u00e9s.<\/em><\/p>\n<p style=\"text-align: justify;\"><em> I sobretot, m&#8217;angoixava la gesti\u00f3 de la meva companyia teatral: era molt m\u00e9s complicada que al 2011 (decidir si contractar personal, si invertir o no, si produir nous espectacles, com gestionar el temps per a un augment exponencial de feina, gestionar compromisos i obligacions amb conciliaci\u00f3 familiar a tots nivells, etc).<\/em><\/p>\n<h3 style=\"text-align: justify;\"><a href=\"https:\/\/pereberga.fra1.digitaloceanspaces.com\/wp-content\/uploads\/2015\/10\/20095802\/toni-gomila.png\"><img fetchpriority=\"high\" decoding=\"async\" class=\"wp-image-207 size-full aligncenter\" src=\"https:\/\/pereberga.fra1.digitaloceanspaces.com\/wp-content\/uploads\/2015\/10\/20095802\/toni-gomila.png\" alt=\"toni-gomila\" width=\"261\" height=\"247\"><\/a><\/h3>\n<p style=\"text-align: justify;\"><em> I enmig de tot aquest caos se&#8217;m presenta en Pere Berga, a qui coneixia del poble, dels ambients de la cultura popular i de la festa, referents gens v\u00e0lids com per dipositar-li cap confian\u00e7a, ni tampoc explicar-li cap intimitat, o compartir cap dels meus neguits. Jo pensava que ell es dedicava al Marketing tur\u00edstic i ell em deia que feia Coaching!<\/em><\/p>\n<p style=\"text-align: justify;\"><em>Havia consultat un Coach feia dos anys, i com que el coneixia i ell a mi tamb\u00e9, deix\u00e0rem la consulta (no havia arribat a sessi\u00f3 pr\u00f2piament dita) en un: &#8220;no hi ha problema, saps cap on vas i trobar\u00e0s soluci\u00f3&#8221;. Per\u00f2 jo no la trobava. Tanmateix jo ja tenc gent amb qui compartir els dubtes, per\u00f2 en aquest cas aquestes persones formaven part del dubte. Necessitava dist\u00e0ncia i amb en Pere la vaig trobar.<\/em><\/p>\n<p style=\"text-align: justify;\"><em> S&#8217;agaf\u00e0 m\u00e9s seriosament que jo les sessions i em va sorprendre: ben aviat vaig entendre que sabia molt b\u00e9 el que es feia. Ell em feia preguntes, treia a la llum tots els meus nusos i me&#8217;ls feia encarar. Jo li exposava els dubtes, problemes, fosques que em bloquejaven i m&#8217;impedien prendre decisions i seguir avan\u00e7ant. Tot eren pors. En Pere em feia prendre consci\u00e8ncia de tot aix\u00f2 i em posava al davant eines perqu\u00e8 jo prengu\u00e9s la millor decisi\u00f3, en funci\u00f3 dels meus valors.<\/em><\/p>\n<p style=\"text-align: justify;\"><em>Despr\u00e9s vengueren els deures i els resultats: definici\u00f3 del projecte, definici\u00f3 de les relacions humanes i laborals amb tot el personal, definir els rols, els l\u00edmits i les funcions, per on tallar i per on cosir. Aquests s\u00f3n &nbsp;els resultats d&#8217;aquest primer any despr\u00e9s del proc\u00e9s amb en Pere.<\/em><\/p>\n<p style=\"text-align: justify;\"><em> Crec que ara tenc el que volia &nbsp;i no sabia com configurar, en el meu interior, el cam\u00ed per aconseguir-ho. Ara hi ha una altra realitat per encarar, la vida continua i estic segur que sabr\u00e9 com afrontar-la. I si no&#8230; s\u00e9 que tenc en Pere. No \u00e9s pagat!<\/em><\/p>\n<p style=\"text-align: justify;\"><em>Toni Gomila<\/em><\/p>\n","protected":false},"excerpt":{"rendered":"<p>Vaig tenir el plaer d&#8217;acompanyar l&#8217;amic i actor Toni Gomila en algunes sessions de Coaching. Pel que sembla, en va quedar prou content. Quan vaig arrancar el meu projecte, li vaig demanar que em fes una petita recomanaci\u00f3, &nbsp;que m&#8217;escrigu\u00e9s &nbsp;quatre l\u00ednies on expliqu\u00e9s la seva experi\u00e8ncia amb el Coaching, perqu\u00e8 jo la pogu\u00e9s incloure [&hellip;]<\/p>\n","protected":false},"author":1,"featured_media":4473,"comment_status":"open","ping_status":"open","sticky":false,"template":"","format":"standard","meta":{"footnotes":""},"categories":[1],"tags":[],"class_list":["post-650","post","type-post","status-publish","format-standard","has-post-thumbnail","hentry","category-sin-categorizar"],"_links":{"self":[{"href":"https:\/\/pereberga.com\/ca\/wp-json\/wp\/v2\/posts\/650","targetHints":{"allow":["GET"]}}],"collection":[{"href":"https:\/\/pereberga.com\/ca\/wp-json\/wp\/v2\/posts"}],"about":[{"href":"https:\/\/pereberga.com\/ca\/wp-json\/wp\/v2\/types\/post"}],"author":[{"embeddable":true,"href":"https:\/\/pereberga.com\/ca\/wp-json\/wp\/v2\/users\/1"}],"replies":[{"embeddable":true,"href":"https:\/\/pereberga.com\/ca\/wp-json\/wp\/v2\/comments?post=650"}],"version-history":[{"count":1,"href":"https:\/\/pereberga.com\/ca\/wp-json\/wp\/v2\/posts\/650\/revisions"}],"predecessor-version":[{"id":5055,"href":"https:\/\/pereberga.com\/ca\/wp-json\/wp\/v2\/posts\/650\/revisions\/5055"}],"wp:featuredmedia":[{"embeddable":true,"href":"https:\/\/pereberga.com\/ca\/wp-json\/wp\/v2\/media\/4473"}],"wp:attachment":[{"href":"https:\/\/pereberga.com\/ca\/wp-json\/wp\/v2\/media?parent=650"}],"wp:term":[{"taxonomy":"category","embeddable":true,"href":"https:\/\/pereberga.com\/ca\/wp-json\/wp\/v2\/categories?post=650"},{"taxonomy":"post_tag","embeddable":true,"href":"https:\/\/pereberga.com\/ca\/wp-json\/wp\/v2\/tags?post=650"}],"curies":[{"name":"wp","href":"https:\/\/api.w.org\/{rel}","templated":true}]}}