{"id":1917,"date":"2018-03-08T12:08:16","date_gmt":"2018-03-08T11:08:16","guid":{"rendered":"http:\/\/www.pereberga.com\/?p=1917"},"modified":"2023-07-12T08:24:01","modified_gmt":"2023-07-12T08:24:01","slug":"com-ser-mes-felic-us-llenguatge","status":"publish","type":"post","link":"https:\/\/pereberga.com\/ca\/2018\/03\/08\/com-ser-mes-felic-us-llenguatge\/","title":{"rendered":"Com ser m\u00e9s feli\u00e7 amb l&#8217;\u00fas del llenguatge?"},"content":{"rendered":"<h3><img fetchpriority=\"high\" decoding=\"async\" class=\"aligncenter wp-image-1909 size-full\" src=\"https:\/\/pereberga.fra1.digitaloceanspaces.com\/wp-content\/uploads\/2018\/03\/20095821\/Cambiar-tu-vida-palabras.jpg\" alt=\"\" width=\"1066\" height=\"361\" srcset=\"https:\/\/pereberga.fra1.digitaloceanspaces.com\/wp-content\/uploads\/2018\/03\/20095821\/Cambiar-tu-vida-palabras.jpg 1066w, https:\/\/pereberga.fra1.digitaloceanspaces.com\/wp-content\/uploads\/2018\/03\/20095821\/Cambiar-tu-vida-palabras-300x102.jpg 300w, https:\/\/pereberga.fra1.digitaloceanspaces.com\/wp-content\/uploads\/2018\/03\/20095821\/Cambiar-tu-vida-palabras-1024x347.jpg 1024w, https:\/\/pereberga.fra1.digitaloceanspaces.com\/wp-content\/uploads\/2018\/03\/20095821\/Cambiar-tu-vida-palabras-768x260.jpg 768w\" sizes=\"(max-width: 1066px) 100vw, 1066px\" \/><\/h3>\n<p style=\"text-align: justify;\"><b>Com ser m\u00e9s feli\u00e7 amb l&#8217;\u00fas del llenguatge?<\/b><\/p>\n<p style=\"text-align: justify;\">Una de les principals <strong>tasques que desenvolupam els professionals del Coaching<\/strong> \u00e9s la d&#8217;acompanyar els nostres clients <strong>en la transformaci\u00f3 positiva de la seva realitat,<\/strong> <a href=\"https:\/\/www.pereberga.com\/ca\/escolta-activa-com-millorar-les-teves-relacions\/#.WqEgim3OXIU\" target=\"_blank\" rel=\"noopener\"><strong>escoltant de manera molt activa<\/strong> <\/a>les paraules que pronuncien&nbsp;i fent-les servir d&#8217;aliades perqu\u00e8 <strong>els ajudin a connectar amb ells mateixos i aconseguir<\/strong>, aix\u00ed,<strong> <a href=\"https:\/\/www.pereberga.com\/ca\/com-i-per-que-marcar-te-objectius\/#.WqEf6G3OXIU\" target=\"_blank\" rel=\"noopener\">els seus objectius.<\/a><\/strong><\/p>\n<p style=\"text-align: justify;\">Com segurament deus saber, les persones <strong>estam formades per cos, emocions i pensament o llenguatge.<\/strong><\/p>\n<p style=\"text-align: justify;\">Les paraules <strong>que pronunciem constitueixen l&#8217;ADN dels nostres pensaments,<\/strong> i aquests, alhora, representen les escenes de la pel\u00b7l\u00edcula que relata la nostra manera d&#8217;interpretar i percebre el m\u00f3n.<\/p>\n<p>Diu <strong><a href=\"https:\/\/www.newfieldconsulting.com\/rafael-echeverria\/\" target=\"_blank\" rel=\"noopener\">Rafael Echeverr\u00eda<\/a><\/strong>:<\/p>\n<blockquote>\n<p style=\"text-align: center;\"><span style=\"color: #000080;\"><strong>&#8220;Vivim en mons ling\u00fc\u00edstics i la nostra realitat \u00e9s una realitat ling\u00fc\u00edstica&#8221;.<\/strong><\/span><\/p>\n<\/blockquote>\n<p style=\"text-align: justify;\">D&#8217;aquesta manera,<strong> canviant el nostre llenguatge<\/strong>, i per tant els nostres pensaments, podem <strong>influir en les nostres emocions<\/strong> i, de retruc, en les nostres accions.<\/p>\n<p style=\"text-align: justify;\">En aquest v\u00eddeo, gravat en el temple de la paraula de la ciutat on visc, vull compartir amb <strong>tu 7 estrat\u00e8gies que pots utilitzar en el teu dia a dia,<\/strong> i que t&#8217;ajudaran a<strong> ser una mica m\u00e9s feli\u00e7<\/strong>, a <strong>transformar la teva realitat de manera positiva<\/strong> i a aconseguir el que desitges amb l&#8217;\u00fas de les teves paraules.<\/p>\n<p style=\"text-align: center;\"><iframe src=\" https:\/\/www.youtube.com\/embed\/P8mCLE4lpys?rel=0&amp;showinfo=0\" width=\"560\" height=\"315\" frameborder=\"0\" allowfullscreen=\"allowfullscreen\"><\/iframe><\/p>\n<p style=\"text-align: justify;\">Qu\u00e8 t&#8217;ha semblat? Espero que t&#8217;hagi servit d&#8217;ajuda i el comparteixis si t&#8217;ha agradat.<\/p>\n<p style=\"text-align: justify;\">I et deixo amb una cita de <strong>Ludwig Wilkenstein:<\/strong><\/p>\n<p style=\"text-align: center;\"><span style=\"color: #ff6600;\"><strong>&#8220;Els l\u00edmits del meu llenguatge s\u00f3n els l\u00edmits del meu m\u00f3n&#8221;<\/strong><\/span><\/p>\n<p style=\"text-align: justify;\">Amb amor i gratitud,<\/p>\n<p style=\"text-align: justify;\">Pere<\/p>\n","protected":false},"excerpt":{"rendered":"<p>Com ser m\u00e9s feli\u00e7 amb l&#8217;\u00fas del llenguatge? Una de les principals tasques que desenvolupam els professionals del Coaching \u00e9s la d&#8217;acompanyar els nostres clients en la transformaci\u00f3 positiva de la seva realitat, escoltant de manera molt activa les paraules que pronuncien&nbsp;i fent-les servir d&#8217;aliades perqu\u00e8 els ajudin a connectar amb ells mateixos i aconseguir, [&hellip;]<\/p>\n","protected":false},"author":1,"featured_media":1910,"comment_status":"open","ping_status":"open","sticky":false,"template":"","format":"standard","meta":{"footnotes":""},"categories":[1],"tags":[],"class_list":["post-1917","post","type-post","status-publish","format-standard","has-post-thumbnail","hentry","category-sin-categorizar"],"_links":{"self":[{"href":"https:\/\/pereberga.com\/ca\/wp-json\/wp\/v2\/posts\/1917","targetHints":{"allow":["GET"]}}],"collection":[{"href":"https:\/\/pereberga.com\/ca\/wp-json\/wp\/v2\/posts"}],"about":[{"href":"https:\/\/pereberga.com\/ca\/wp-json\/wp\/v2\/types\/post"}],"author":[{"embeddable":true,"href":"https:\/\/pereberga.com\/ca\/wp-json\/wp\/v2\/users\/1"}],"replies":[{"embeddable":true,"href":"https:\/\/pereberga.com\/ca\/wp-json\/wp\/v2\/comments?post=1917"}],"version-history":[{"count":1,"href":"https:\/\/pereberga.com\/ca\/wp-json\/wp\/v2\/posts\/1917\/revisions"}],"predecessor-version":[{"id":5084,"href":"https:\/\/pereberga.com\/ca\/wp-json\/wp\/v2\/posts\/1917\/revisions\/5084"}],"wp:featuredmedia":[{"embeddable":true,"href":"https:\/\/pereberga.com\/ca\/wp-json\/wp\/v2\/media\/1910"}],"wp:attachment":[{"href":"https:\/\/pereberga.com\/ca\/wp-json\/wp\/v2\/media?parent=1917"}],"wp:term":[{"taxonomy":"category","embeddable":true,"href":"https:\/\/pereberga.com\/ca\/wp-json\/wp\/v2\/categories?post=1917"},{"taxonomy":"post_tag","embeddable":true,"href":"https:\/\/pereberga.com\/ca\/wp-json\/wp\/v2\/tags?post=1917"}],"curies":[{"name":"wp","href":"https:\/\/api.w.org\/{rel}","templated":true}]}}